{"id":5878,"date":"2026-04-23T11:36:43","date_gmt":"2026-04-23T09:36:43","guid":{"rendered":"https:\/\/www.elesi-luce.com\/fr\/?p=5878"},"modified":"2026-04-23T11:45:56","modified_gmt":"2026-04-23T09:45:56","slug":"milan-design-week-2026","status":"publish","type":"post","link":"https:\/\/www.elesi-luce.com\/fr\/milan-design-week-2026\/","title":{"rendered":"Milan Design Week 2026"},"content":{"rendered":"\n<p>Un \u00e9v\u00e9nement international incontournable.<br><br>M\u00eame si Euroluce reviendra en 2027, nous ne pouvions pas manquer l\u2019un des rendez-vous les plus importants de la sc\u00e8ne internationale du design.<\/p>\n\n\n\n<h2 class=\"wp-block-heading\"><strong>Elesi sera l\u2019invit\u00e9 de Stocco au Salone del Mobile.Milano 2026.<\/strong><\/h2>\n\n\n\n<p>Une occasion unique de d\u00e9couvrir un projet o\u00f9 la lumi\u00e8re et le mobilier dialoguent en parfaite harmonie, donnant vie \u00e0 des solutions sur mesure o\u00f9 chaque d\u00e9tail est pens\u00e9 pour sublimer l\u2019espace.<\/p>\n\n\n\n<p>\ud83d\udcc5 <strong>QUAND<\/strong><br>21\u201326 avril 2026<br>\ud83d\udccd <strong>O\u00d9<\/strong><br>Salone del Mobile.Milano<br>Hall 10 \u2014 Stand A21 B16<\/p>\n\n\n\n<h3 class=\"wp-block-heading\"><strong><strong>Pourquoi cette collaboration ?<\/strong><\/strong><\/h3>\n\n\n\n<p>La rencontre avec Stocco a donn\u00e9 naissance \u00e0 une affinit\u00e9 imm\u00e9diate : deux entreprises unies par une m\u00eame vision du design et une recherche constante de l\u2019excellence.<br>\ud83c\udff9&nbsp;passion pour le design et l\u2019innovation<br>\ud83d\udc8e&nbsp;attention aux d\u00e9tails<br>\ud83d\udd0d recherche sur les mat\u00e9riaux et les palettes de couleurs<br>\ud83e\udea1 une approche sur mesure, de type \u00ab sartoriale \u00bb<br>\ud83e\udde9&nbsp;la capacit\u00e9 d\u2019offrir des solutions compl\u00e8tes, et pas seulement des produits<\/p>\n\n\n\n<h4 class=\"wp-block-heading\"><strong>Le r\u00e9sultat<\/strong><\/h4>\n\n\n\n<p>Une collaboration naturelle qui, \u00e0 l\u2019occasion du Salone del Mobile, mettra en sc\u00e8ne des espaces o\u00f9 les luminaires Elesi valorisent et compl\u00e8tent le mobilier de salle de bain Stocco, exprimant pleinement le potentiel des deux marques.<br><br>Venez d\u00e9couvrir comment la lumi\u00e8re peut transformer l\u2019espace.<br><br>Suivez-nous sur nos canaux pour des avant-premi\u00e8res exclusives, des coulisses et de nouvelles inspirations.<br><br>Ne manquez pas cet \u00e9v\u00e9nement.<\/p>\n\n\n\n<div class=\"wp-block-columns is-layout-flex wp-container-core-columns-is-layout-9d6595d7 wp-block-columns-is-layout-flex\">\n<div class=\"wp-block-column is-layout-flow wp-block-column-is-layout-flow\">\n<figure class=\"wp-block-image size-large\"><img fetchpriority=\"high\" decoding=\"async\" width=\"1024\" height=\"737\" src=\"https:\/\/www.elesi-luce.com\/fr\/wp-content\/uploads\/sites\/4\/2026\/04\/elesi-luce-milano-design-week-2026-01-1024x737.jpg\" alt=\"\" class=\"wp-image-5881\" srcset=\"https:\/\/www.elesi-luce.com\/fr\/wp-content\/uploads\/sites\/4\/2026\/04\/elesi-luce-milano-design-week-2026-01-1024x737.jpg 1024w, https:\/\/www.elesi-luce.com\/fr\/wp-content\/uploads\/sites\/4\/2026\/04\/elesi-luce-milano-design-week-2026-01-300x216.jpg 300w, https:\/\/www.elesi-luce.com\/fr\/wp-content\/uploads\/sites\/4\/2026\/04\/elesi-luce-milano-design-week-2026-01-768x553.jpg 768w, https:\/\/www.elesi-luce.com\/fr\/wp-content\/uploads\/sites\/4\/2026\/04\/elesi-luce-milano-design-week-2026-01.jpg 1080w\" sizes=\"(max-width: 1024px) 100vw, 1024px\" \/><\/figure>\n<\/div>\n\n\n\n<div class=\"wp-block-column is-layout-flow wp-block-column-is-layout-flow\">\n<figure class=\"wp-block-image size-large\"><img decoding=\"async\" width=\"1024\" height=\"739\" src=\"https:\/\/www.elesi-luce.com\/fr\/wp-content\/uploads\/sites\/4\/2026\/04\/elesi-luce-milano-design-week-2026-02-1024x739.jpg\" alt=\"\" class=\"wp-image-5882\" srcset=\"https:\/\/www.elesi-luce.com\/fr\/wp-content\/uploads\/sites\/4\/2026\/04\/elesi-luce-milano-design-week-2026-02-1024x739.jpg 1024w, https:\/\/www.elesi-luce.com\/fr\/wp-content\/uploads\/sites\/4\/2026\/04\/elesi-luce-milano-design-week-2026-02-300x216.jpg 300w, https:\/\/www.elesi-luce.com\/fr\/wp-content\/uploads\/sites\/4\/2026\/04\/elesi-luce-milano-design-week-2026-02-768x554.jpg 768w, https:\/\/www.elesi-luce.com\/fr\/wp-content\/uploads\/sites\/4\/2026\/04\/elesi-luce-milano-design-week-2026-02.jpg 1080w\" sizes=\"(max-width: 1024px) 100vw, 1024px\" \/><\/figure>\n<\/div>\n<\/div>\n\n\n\n<p>La lampe de table <em>Bianca<\/em> a \u00e9t\u00e9 s\u00e9lectionn\u00e9e pour participer \u00e0 un projet sp\u00e9cial du Fuorisalone.<\/p>\n\n\n\n<p>Elesi Luce sera pr\u00e9sente \u00e0 la Milan Design Week 2026 au sein d\u2019un cadre d\u2019exposition unique et hautement \u00e9vocateur.<\/p>\n\n\n\n<p>\ud83d\udccd <strong>Rifugio Antiaereo 87<\/strong><br>Viale L. Bodio 22, Milan<br>20\u201326 avril 2026<\/p>\n\n\n\n<p>Dans cet espace charg\u00e9 de m\u00e9moire et de sens, prend forme l\u2019exposition temporaire <strong>\u00ab 100 Cose da non dimenticare (<\/strong>100 choses \u00e0 ne pas oublier<strong>) \u00bb<\/strong>, promue par <em>Repubblica del Design<\/em>.<\/p>\n\n\n\n<p>Dans le cadre de ce projet, Elesi participe \u00e0 la section <strong>\u00ab Distretti Resilienti \u00bb<\/strong>, un r\u00e9cit qui explore la capacit\u00e9 des territoires productifs italiens \u00e0 \u00e9voluer, s\u2019adapter et innover, en mettant en relation design, industrie et recherche.<\/p>\n\n\n\n<p>\u00ab Distretti Resilienti \u00bb explore pr\u00e9cis\u00e9ment cela : le design comme un outil capable de faire le lien entre tradition et innovation, en transformant des contraintes r\u00e9elles en nouvelles opportunit\u00e9s de projet.<\/p>\n\n\n\n<p>Une occasion de r\u00e9fl\u00e9chir \u00e0 un th\u00e8me qui nous est fondamental :<br>la lumi\u00e8re comme syst\u00e8me, comme culture du projet, comme un \u00e9l\u00e9ment capable de cr\u00e9er des relations entre l\u2019espace, la mati\u00e8re et les personnes.<\/p>\n\n\n\n<p>\ud83c\udf9f\ufe0f <strong>Acc\u00e8s sur r\u00e9servation<\/strong><br><a href=\"https:\/\/repubblicadeldesign.it\/mdw-2026\/\" target=\"_blank\" rel=\"noreferrer noopener\">https:\/\/repubblicadeldesign.it\/mdw-2026\/<\/a><\/p>\n\n\n\n<div class=\"wp-block-columns is-layout-flex wp-container-core-columns-is-layout-9d6595d7 wp-block-columns-is-layout-flex\">\n<div class=\"wp-block-column is-layout-flow wp-block-column-is-layout-flow\">\n<figure class=\"wp-block-image size-large\"><img decoding=\"async\" width=\"819\" height=\"1024\" src=\"https:\/\/www.elesi-luce.com\/fr\/wp-content\/uploads\/sites\/4\/2026\/04\/elesi-luce-milano-design-week-2026-03-819x1024.jpeg\" alt=\"\" class=\"wp-image-5885\" srcset=\"https:\/\/www.elesi-luce.com\/fr\/wp-content\/uploads\/sites\/4\/2026\/04\/elesi-luce-milano-design-week-2026-03-819x1024.jpeg 819w, https:\/\/www.elesi-luce.com\/fr\/wp-content\/uploads\/sites\/4\/2026\/04\/elesi-luce-milano-design-week-2026-03-240x300.jpeg 240w, https:\/\/www.elesi-luce.com\/fr\/wp-content\/uploads\/sites\/4\/2026\/04\/elesi-luce-milano-design-week-2026-03-768x960.jpeg 768w, https:\/\/www.elesi-luce.com\/fr\/wp-content\/uploads\/sites\/4\/2026\/04\/elesi-luce-milano-design-week-2026-03.jpeg 1080w\" sizes=\"(max-width: 819px) 100vw, 819px\" \/><\/figure>\n<\/div>\n\n\n\n<div class=\"wp-block-column is-layout-flow wp-block-column-is-layout-flow\">\n<figure class=\"wp-block-image size-full\"><img loading=\"lazy\" decoding=\"async\" width=\"548\" height=\"700\" src=\"https:\/\/www.elesi-luce.com\/fr\/wp-content\/uploads\/sites\/4\/2026\/04\/elesi-luce-milano-design-week-2026-fuorisalone.jpg\" alt=\"\" class=\"wp-image-5886\" srcset=\"https:\/\/www.elesi-luce.com\/fr\/wp-content\/uploads\/sites\/4\/2026\/04\/elesi-luce-milano-design-week-2026-fuorisalone.jpg 548w, https:\/\/www.elesi-luce.com\/fr\/wp-content\/uploads\/sites\/4\/2026\/04\/elesi-luce-milano-design-week-2026-fuorisalone-235x300.jpg 235w\" sizes=\"(max-width: 548px) 100vw, 548px\" \/><\/figure>\n<\/div>\n<\/div>\n","protected":false},"excerpt":{"rendered":"<p>Un \u00e9v\u00e9nement international incontournable. M\u00eame si Euroluce reviendra en 2027, nous ne pouvions pas manquer l\u2019un des rendez-vous les plus importants de la sc\u00e8ne internationale du design. Elesi sera l\u2019invit\u00e9 de Stocco au Salone del Mobile.Milano 2026. Une occasion unique de d\u00e9couvrir un projet o\u00f9 la lumi\u00e8re et le mobilier dialoguent en parfaite harmonie, donnant &#8230; <a title=\"Milan Design Week 2026\" class=\"read-more\" href=\"https:\/\/www.elesi-luce.com\/fr\/milan-design-week-2026\/\" aria-label=\"En savoir plus sur Milan Design Week 2026\">Lire la suite<\/a><\/p>\n","protected":false},"author":1,"featured_media":5884,"comment_status":"open","ping_status":"open","sticky":false,"template":"","format":"standard","meta":{"footnotes":""},"categories":[1],"tags":[],"class_list":["post-5878","post","type-post","status-publish","format-standard","has-post-thumbnail","hentry","category-eventi"],"yoast_head":"<!-- This site is optimized with the Yoast SEO plugin v23.8 - https:\/\/yoast.com\/wordpress\/plugins\/seo\/ -->\n<title>Milan Design Week 2026<\/title>\n<meta name=\"robots\" content=\"index, follow, max-snippet:-1, max-image-preview:large, max-video-preview:-1\" \/>\n<link rel=\"canonical\" href=\"https:\/\/www.elesi-luce.com\/fr\/milan-design-week-2026\/\" \/>\n<meta property=\"og:locale\" content=\"fr_FR\" \/>\n<meta property=\"og:type\" content=\"article\" \/>\n<meta property=\"og:title\" content=\"Milan Design Week 2026\" \/>\n<meta property=\"og:description\" content=\"Un \u00e9v\u00e9nement international incontournable. M\u00eame si Euroluce reviendra en 2027, nous ne pouvions pas manquer l\u2019un des rendez-vous les plus importants de la sc\u00e8ne internationale du design. Elesi sera l\u2019invit\u00e9 de Stocco au Salone del Mobile.Milano 2026. Une occasion unique de d\u00e9couvrir un projet o\u00f9 la lumi\u00e8re et le mobilier dialoguent en parfaite harmonie, donnant ... Lire la suite\" \/>\n<meta property=\"og:url\" content=\"https:\/\/www.elesi-luce.com\/fr\/milan-design-week-2026\/\" \/>\n<meta property=\"og:site_name\" content=\"Elesi Luce\" \/>\n<meta property=\"article:published_time\" content=\"2026-04-23T09:36:43+00:00\" \/>\n<meta property=\"article:modified_time\" content=\"2026-04-23T09:45:56+00:00\" \/>\n<meta property=\"og:image\" content=\"https:\/\/www.elesi-luce.com\/fr\/wp-content\/uploads\/sites\/4\/2026\/04\/elesi-luce-milano-design-week-2026-top.jpg\" \/>\n\t<meta property=\"og:image:width\" content=\"1200\" \/>\n\t<meta property=\"og:image:height\" content=\"514\" \/>\n\t<meta property=\"og:image:type\" content=\"image\/jpeg\" \/>\n<meta name=\"author\" content=\"admin\" \/>\n<meta name=\"twitter:card\" content=\"summary_large_image\" \/>\n<meta name=\"twitter:label1\" content=\"\u00c9crit par\" \/>\n\t<meta name=\"twitter:data1\" content=\"admin\" \/>\n\t<meta name=\"twitter:label2\" content=\"Dur\u00e9e de lecture estim\u00e9e\" \/>\n\t<meta name=\"twitter:data2\" content=\"4 minutes\" \/>\n<script type=\"application\/ld+json\" class=\"yoast-schema-graph\">{\"@context\":\"https:\/\/schema.org\",\"@graph\":[{\"@type\":\"Article\",\"@id\":\"https:\/\/www.elesi-luce.com\/fr\/milan-design-week-2026\/#article\",\"isPartOf\":{\"@id\":\"https:\/\/www.elesi-luce.com\/fr\/milan-design-week-2026\/\"},\"author\":{\"name\":\"admin\",\"@id\":\"https:\/\/www.elesi-luce.com\/fr\/#\/schema\/person\/e25bf46bf8cd47a351a7f8f1d746bdb0\"},\"headline\":\"Milan Design Week 2026\",\"datePublished\":\"2026-04-23T09:36:43+00:00\",\"dateModified\":\"2026-04-23T09:45:56+00:00\",\"mainEntityOfPage\":{\"@id\":\"https:\/\/www.elesi-luce.com\/fr\/milan-design-week-2026\/\"},\"wordCount\":438,\"commentCount\":0,\"publisher\":{\"@id\":\"https:\/\/www.elesi-luce.com\/fr\/#organization\"},\"image\":{\"@id\":\"https:\/\/www.elesi-luce.com\/fr\/milan-design-week-2026\/#primaryimage\"},\"thumbnailUrl\":\"https:\/\/www.elesi-luce.com\/fr\/wp-content\/uploads\/sites\/4\/2026\/04\/elesi-luce-milano-design-week-2026-top.jpg\",\"articleSection\":[\"Eventi\"],\"inLanguage\":\"fr-FR\",\"potentialAction\":[{\"@type\":\"CommentAction\",\"name\":\"Comment\",\"target\":[\"https:\/\/www.elesi-luce.com\/fr\/milan-design-week-2026\/#respond\"]}]},{\"@type\":\"WebPage\",\"@id\":\"https:\/\/www.elesi-luce.com\/fr\/milan-design-week-2026\/\",\"url\":\"https:\/\/www.elesi-luce.com\/fr\/milan-design-week-2026\/\",\"name\":\"Milan Design Week 2026\",\"isPartOf\":{\"@id\":\"https:\/\/www.elesi-luce.com\/fr\/#website\"},\"primaryImageOfPage\":{\"@id\":\"https:\/\/www.elesi-luce.com\/fr\/milan-design-week-2026\/#primaryimage\"},\"image\":{\"@id\":\"https:\/\/www.elesi-luce.com\/fr\/milan-design-week-2026\/#primaryimage\"},\"thumbnailUrl\":\"https:\/\/www.elesi-luce.com\/fr\/wp-content\/uploads\/sites\/4\/2026\/04\/elesi-luce-milano-design-week-2026-top.jpg\",\"datePublished\":\"2026-04-23T09:36:43+00:00\",\"dateModified\":\"2026-04-23T09:45:56+00:00\",\"breadcrumb\":{\"@id\":\"https:\/\/www.elesi-luce.com\/fr\/milan-design-week-2026\/#breadcrumb\"},\"inLanguage\":\"fr-FR\",\"potentialAction\":[{\"@type\":\"ReadAction\",\"target\":[\"https:\/\/www.elesi-luce.com\/fr\/milan-design-week-2026\/\"]}]},{\"@type\":\"ImageObject\",\"inLanguage\":\"fr-FR\",\"@id\":\"https:\/\/www.elesi-luce.com\/fr\/milan-design-week-2026\/#primaryimage\",\"url\":\"https:\/\/www.elesi-luce.com\/fr\/wp-content\/uploads\/sites\/4\/2026\/04\/elesi-luce-milano-design-week-2026-top.jpg\",\"contentUrl\":\"https:\/\/www.elesi-luce.com\/fr\/wp-content\/uploads\/sites\/4\/2026\/04\/elesi-luce-milano-design-week-2026-top.jpg\",\"width\":1200,\"height\":514},{\"@type\":\"BreadcrumbList\",\"@id\":\"https:\/\/www.elesi-luce.com\/fr\/milan-design-week-2026\/#breadcrumb\",\"itemListElement\":[{\"@type\":\"ListItem\",\"position\":1,\"name\":\"Home\",\"item\":\"https:\/\/www.elesi-luce.com\/fr\/\"},{\"@type\":\"ListItem\",\"position\":2,\"name\":\"Milan Design Week 2026\"}]},{\"@type\":\"WebSite\",\"@id\":\"https:\/\/www.elesi-luce.com\/fr\/#website\",\"url\":\"https:\/\/www.elesi-luce.com\/fr\/\",\"name\":\"Elesi Luce\",\"description\":\"Handcrafted production of designer lamps\",\"publisher\":{\"@id\":\"https:\/\/www.elesi-luce.com\/fr\/#organization\"},\"potentialAction\":[{\"@type\":\"SearchAction\",\"target\":{\"@type\":\"EntryPoint\",\"urlTemplate\":\"https:\/\/www.elesi-luce.com\/fr\/?s={search_term_string}\"},\"query-input\":{\"@type\":\"PropertyValueSpecification\",\"valueRequired\":true,\"valueName\":\"search_term_string\"}}],\"inLanguage\":\"fr-FR\"},{\"@type\":\"Organization\",\"@id\":\"https:\/\/www.elesi-luce.com\/fr\/#organization\",\"name\":\"Elesi Luce\",\"url\":\"https:\/\/www.elesi-luce.com\/fr\/\",\"logo\":{\"@type\":\"ImageObject\",\"inLanguage\":\"fr-FR\",\"@id\":\"https:\/\/www.elesi-luce.com\/fr\/#\/schema\/logo\/image\/\",\"url\":\"https:\/\/www.elesi-luce.com\/fr\/wp-content\/uploads\/sites\/4\/2021\/09\/ELESI-LUCE-logo.png\",\"contentUrl\":\"https:\/\/www.elesi-luce.com\/fr\/wp-content\/uploads\/sites\/4\/2021\/09\/ELESI-LUCE-logo.png\",\"width\":250,\"height\":54,\"caption\":\"Elesi Luce\"},\"image\":{\"@id\":\"https:\/\/www.elesi-luce.com\/fr\/#\/schema\/logo\/image\/\"}},{\"@type\":\"Person\",\"@id\":\"https:\/\/www.elesi-luce.com\/fr\/#\/schema\/person\/e25bf46bf8cd47a351a7f8f1d746bdb0\",\"name\":\"admin\",\"image\":{\"@type\":\"ImageObject\",\"inLanguage\":\"fr-FR\",\"@id\":\"https:\/\/www.elesi-luce.com\/fr\/#\/schema\/person\/image\/\",\"url\":\"https:\/\/secure.gravatar.com\/avatar\/050a8e0d5c5737908e844df111ccb73b1c7b16bcc3b67d5a688435b94300d580?s=96&d=mm&r=g\",\"contentUrl\":\"https:\/\/secure.gravatar.com\/avatar\/050a8e0d5c5737908e844df111ccb73b1c7b16bcc3b67d5a688435b94300d580?s=96&d=mm&r=g\",\"caption\":\"admin\"},\"sameAs\":[\"http:\/\/wwww.elesi-luce.com\"],\"url\":\"https:\/\/www.elesi-luce.com\/fr\/author\/root_oetdcd8k\/\"}]}<\/script>\n<!-- \/ Yoast SEO plugin. -->","yoast_head_json":{"title":"Milan Design Week 2026","robots":{"index":"index","follow":"follow","max-snippet":"max-snippet:-1","max-image-preview":"max-image-preview:large","max-video-preview":"max-video-preview:-1"},"canonical":"https:\/\/www.elesi-luce.com\/fr\/milan-design-week-2026\/","og_locale":"fr_FR","og_type":"article","og_title":"Milan Design Week 2026","og_description":"Un \u00e9v\u00e9nement international incontournable. M\u00eame si Euroluce reviendra en 2027, nous ne pouvions pas manquer l\u2019un des rendez-vous les plus importants de la sc\u00e8ne internationale du design. Elesi sera l\u2019invit\u00e9 de Stocco au Salone del Mobile.Milano 2026. Une occasion unique de d\u00e9couvrir un projet o\u00f9 la lumi\u00e8re et le mobilier dialoguent en parfaite harmonie, donnant ... Lire la suite","og_url":"https:\/\/www.elesi-luce.com\/fr\/milan-design-week-2026\/","og_site_name":"Elesi Luce","article_published_time":"2026-04-23T09:36:43+00:00","article_modified_time":"2026-04-23T09:45:56+00:00","og_image":[{"width":1200,"height":514,"url":"https:\/\/www.elesi-luce.com\/fr\/wp-content\/uploads\/sites\/4\/2026\/04\/elesi-luce-milano-design-week-2026-top.jpg","type":"image\/jpeg"}],"author":"admin","twitter_card":"summary_large_image","twitter_misc":{"\u00c9crit par":"admin","Dur\u00e9e de lecture estim\u00e9e":"4 minutes"},"schema":{"@context":"https:\/\/schema.org","@graph":[{"@type":"Article","@id":"https:\/\/www.elesi-luce.com\/fr\/milan-design-week-2026\/#article","isPartOf":{"@id":"https:\/\/www.elesi-luce.com\/fr\/milan-design-week-2026\/"},"author":{"name":"admin","@id":"https:\/\/www.elesi-luce.com\/fr\/#\/schema\/person\/e25bf46bf8cd47a351a7f8f1d746bdb0"},"headline":"Milan Design Week 2026","datePublished":"2026-04-23T09:36:43+00:00","dateModified":"2026-04-23T09:45:56+00:00","mainEntityOfPage":{"@id":"https:\/\/www.elesi-luce.com\/fr\/milan-design-week-2026\/"},"wordCount":438,"commentCount":0,"publisher":{"@id":"https:\/\/www.elesi-luce.com\/fr\/#organization"},"image":{"@id":"https:\/\/www.elesi-luce.com\/fr\/milan-design-week-2026\/#primaryimage"},"thumbnailUrl":"https:\/\/www.elesi-luce.com\/fr\/wp-content\/uploads\/sites\/4\/2026\/04\/elesi-luce-milano-design-week-2026-top.jpg","articleSection":["Eventi"],"inLanguage":"fr-FR","potentialAction":[{"@type":"CommentAction","name":"Comment","target":["https:\/\/www.elesi-luce.com\/fr\/milan-design-week-2026\/#respond"]}]},{"@type":"WebPage","@id":"https:\/\/www.elesi-luce.com\/fr\/milan-design-week-2026\/","url":"https:\/\/www.elesi-luce.com\/fr\/milan-design-week-2026\/","name":"Milan Design Week 2026","isPartOf":{"@id":"https:\/\/www.elesi-luce.com\/fr\/#website"},"primaryImageOfPage":{"@id":"https:\/\/www.elesi-luce.com\/fr\/milan-design-week-2026\/#primaryimage"},"image":{"@id":"https:\/\/www.elesi-luce.com\/fr\/milan-design-week-2026\/#primaryimage"},"thumbnailUrl":"https:\/\/www.elesi-luce.com\/fr\/wp-content\/uploads\/sites\/4\/2026\/04\/elesi-luce-milano-design-week-2026-top.jpg","datePublished":"2026-04-23T09:36:43+00:00","dateModified":"2026-04-23T09:45:56+00:00","breadcrumb":{"@id":"https:\/\/www.elesi-luce.com\/fr\/milan-design-week-2026\/#breadcrumb"},"inLanguage":"fr-FR","potentialAction":[{"@type":"ReadAction","target":["https:\/\/www.elesi-luce.com\/fr\/milan-design-week-2026\/"]}]},{"@type":"ImageObject","inLanguage":"fr-FR","@id":"https:\/\/www.elesi-luce.com\/fr\/milan-design-week-2026\/#primaryimage","url":"https:\/\/www.elesi-luce.com\/fr\/wp-content\/uploads\/sites\/4\/2026\/04\/elesi-luce-milano-design-week-2026-top.jpg","contentUrl":"https:\/\/www.elesi-luce.com\/fr\/wp-content\/uploads\/sites\/4\/2026\/04\/elesi-luce-milano-design-week-2026-top.jpg","width":1200,"height":514},{"@type":"BreadcrumbList","@id":"https:\/\/www.elesi-luce.com\/fr\/milan-design-week-2026\/#breadcrumb","itemListElement":[{"@type":"ListItem","position":1,"name":"Home","item":"https:\/\/www.elesi-luce.com\/fr\/"},{"@type":"ListItem","position":2,"name":"Milan Design Week 2026"}]},{"@type":"WebSite","@id":"https:\/\/www.elesi-luce.com\/fr\/#website","url":"https:\/\/www.elesi-luce.com\/fr\/","name":"Elesi Luce","description":"Handcrafted production of designer lamps","publisher":{"@id":"https:\/\/www.elesi-luce.com\/fr\/#organization"},"potentialAction":[{"@type":"SearchAction","target":{"@type":"EntryPoint","urlTemplate":"https:\/\/www.elesi-luce.com\/fr\/?s={search_term_string}"},"query-input":{"@type":"PropertyValueSpecification","valueRequired":true,"valueName":"search_term_string"}}],"inLanguage":"fr-FR"},{"@type":"Organization","@id":"https:\/\/www.elesi-luce.com\/fr\/#organization","name":"Elesi Luce","url":"https:\/\/www.elesi-luce.com\/fr\/","logo":{"@type":"ImageObject","inLanguage":"fr-FR","@id":"https:\/\/www.elesi-luce.com\/fr\/#\/schema\/logo\/image\/","url":"https:\/\/www.elesi-luce.com\/fr\/wp-content\/uploads\/sites\/4\/2021\/09\/ELESI-LUCE-logo.png","contentUrl":"https:\/\/www.elesi-luce.com\/fr\/wp-content\/uploads\/sites\/4\/2021\/09\/ELESI-LUCE-logo.png","width":250,"height":54,"caption":"Elesi Luce"},"image":{"@id":"https:\/\/www.elesi-luce.com\/fr\/#\/schema\/logo\/image\/"}},{"@type":"Person","@id":"https:\/\/www.elesi-luce.com\/fr\/#\/schema\/person\/e25bf46bf8cd47a351a7f8f1d746bdb0","name":"admin","image":{"@type":"ImageObject","inLanguage":"fr-FR","@id":"https:\/\/www.elesi-luce.com\/fr\/#\/schema\/person\/image\/","url":"https:\/\/secure.gravatar.com\/avatar\/050a8e0d5c5737908e844df111ccb73b1c7b16bcc3b67d5a688435b94300d580?s=96&d=mm&r=g","contentUrl":"https:\/\/secure.gravatar.com\/avatar\/050a8e0d5c5737908e844df111ccb73b1c7b16bcc3b67d5a688435b94300d580?s=96&d=mm&r=g","caption":"admin"},"sameAs":["http:\/\/wwww.elesi-luce.com"],"url":"https:\/\/www.elesi-luce.com\/fr\/author\/root_oetdcd8k\/"}]}},"_links":{"self":[{"href":"https:\/\/www.elesi-luce.com\/fr\/wp-json\/wp\/v2\/posts\/5878","targetHints":{"allow":["GET"]}}],"collection":[{"href":"https:\/\/www.elesi-luce.com\/fr\/wp-json\/wp\/v2\/posts"}],"about":[{"href":"https:\/\/www.elesi-luce.com\/fr\/wp-json\/wp\/v2\/types\/post"}],"author":[{"embeddable":true,"href":"https:\/\/www.elesi-luce.com\/fr\/wp-json\/wp\/v2\/users\/1"}],"replies":[{"embeddable":true,"href":"https:\/\/www.elesi-luce.com\/fr\/wp-json\/wp\/v2\/comments?post=5878"}],"version-history":[{"count":6,"href":"https:\/\/www.elesi-luce.com\/fr\/wp-json\/wp\/v2\/posts\/5878\/revisions"}],"predecessor-version":[{"id":5889,"href":"https:\/\/www.elesi-luce.com\/fr\/wp-json\/wp\/v2\/posts\/5878\/revisions\/5889"}],"wp:featuredmedia":[{"embeddable":true,"href":"https:\/\/www.elesi-luce.com\/fr\/wp-json\/wp\/v2\/media\/5884"}],"wp:attachment":[{"href":"https:\/\/www.elesi-luce.com\/fr\/wp-json\/wp\/v2\/media?parent=5878"}],"wp:term":[{"taxonomy":"category","embeddable":true,"href":"https:\/\/www.elesi-luce.com\/fr\/wp-json\/wp\/v2\/categories?post=5878"},{"taxonomy":"post_tag","embeddable":true,"href":"https:\/\/www.elesi-luce.com\/fr\/wp-json\/wp\/v2\/tags?post=5878"}],"curies":[{"name":"wp","href":"https:\/\/api.w.org\/{rel}","templated":true}]}}